{"provider_url": "https://www.pinhao.pr.leg.br", "title": "C\u00e2mara realiza Sess\u00e3o Descentralizada ", "html": "<p style=\"text-align: justify; \">Com o objetivo de aproximar cada vez mais o Legislativo da Comunidade, dando voz as demandas locais, \u00e9 que a Mesa Diretora (bi\u00eanio 2021-2022) retoma as Sess\u00f5es Descentralizadas, estas, previstas pelo Regimento Interno da C\u00e2mara Municipal e que j\u00e1 eram realizadas em Legislaturas anteriores, sendo as \u00faltimas nos anos de 2009 e 2010.</p>\r\n<p style=\"text-align: justify; \">A Sess\u00e3o realizada nesse modelo foi muito bem vista pelos presentes, tendo uma ampla participa\u00e7\u00e3o n\u00e3o s\u00f3 da Comunidade do Rocio, como das comunidades vizinhas. Nas palavras do Senhor Sebasti\u00e3o Borges morador da Comunidade de Tr\u00eas Barras, \u201cLevar a C\u00e2mara de Vereadores at\u00e9 as comunidades, isso a\u00ed \u00e9 uma coisa muito importante que voc\u00eas fizeram, de descentralizar os trabalhos de voc\u00eas, para o povo ficar sabendo do trabalho do Vereador que \u00e9 eleito pelo povo. \u201d.\u00a0</p>\r\n<p style=\"text-align: justify; \">Na ocasi\u00e3o, foi aberta a palavra para os representantes das comunidades, os quais fizeram suas coloca\u00e7\u00f5es e reivindica\u00e7\u00f5es. Todos os Vereadores presentes ao fazerem uso da tribuna, tamb\u00e9m destacaram a import\u00e2ncia de a C\u00e2mara estar proporcionando momentos como este. O Presidente da C\u00e2mara Vereador Israel de Oliveira Santos (PT), diz estar muito feliz com a recep\u00e7\u00e3o que vereadores e funcion\u00e1rios da C\u00e2mara tiveram neste s\u00e1bado, destaca mais uma vez, a import\u00e2ncia dessa retomada das sess\u00f5es nesse modelo descentralizado, e que a participa\u00e7\u00e3o da Comunidade \u00e9 essencial para o trabalho que realizam no Legislativo.</p>\r\n<p style=\"text-align: justify; \">A proposta \u00e9 que a partir de agora, as Sess\u00f5es Descentralizadas sejam realizadas uma vez ao m\u00eas.</p>\r\n<p style=\"text-align: justify; \">A grava\u00e7\u00e3o da Sess\u00e3o est\u00e1 dispon\u00edvel no YouTube: \u00a0&lt;&lt;<a href=\"https://www.youtube.com/watch?v=zKrBDIkIM_c\">https://www.youtube.com/watch?v=zKrBDIkIM_c</a>&gt;&gt;</p>", "author_name": "Danieli", "version": "1.0", "author_url": "https://www.pinhao.pr.leg.br/author/Danieli", "provider_name": "C\u00e2mara Municipal", "type": "rich"}