{"provider_url": "https://www.pinhao.pr.leg.br", "title": "Nota de Pesar - Com pesar noticiamos o falecimento do Frei Domingos", "html": "<p style=\"text-align: justify; \"><span>\u00a0 \u00a0 \u00a0 \u00a0 \u00a0 \u00a0\u00c9 com pesar que comunicamos o falecimento do Frei Domingos Boing Hellman, aos 79 anos, na manh\u00e3 do dia 29/03/21, no hospital em Bragan\u00e7a Paulista-SP. Frei Domingos dedicou sua vida ao sacerd\u00f3cio, parte desse tempo se dedicou aqui em Pinh\u00e3o, chegou no ano de 1981 e ficou at\u00e9 1988, em 2019 retornou e comemorou o Jubileu de Ouro de Sacerd\u00f3cio, fez muitos amigos e simpatizantes por todos os lugares que passou, em especial aqui em Pinh\u00e3o, onde residia nos \u00fatimos anos na Par\u00f3quia Divino Esp\u00edrito Santo. H\u00e1 pouco tempo passou a residir na comunidade franciscana, na cidade de Bragan\u00e7a Pulista-SP, devido ao seu estado de sa\u00fade necessitar de maiores cuidados.</span><br /><span>\u00a0\u00a0\u00a0\u00a0\u00a0\u00a0\u00a0\u00a0\u00a0\u00a0\"</span><i>Homem de Deus, admirado pelo clero e amado pelo povo, deixa para n\u00f3s um legado de simplicidade, amor aos pobres e servi\u00e7o evangelico que jamais ser\u00e1 esquecido\"\u00a0</i><span>(Dom Amilton Manoel da Silva, CP Bispo diocesano de Guarapuava-PR).</span><br /><span>\u00a0\u00a0\u00a0\u00a0\u00a0\u00a0\u00a0\u00a0\u00a0\u00a0A C\u00e2mara Municipal, por meio dos Vereadores e Servidores, externa as mais profundas condol\u00eancias \u00e0 fam\u00edlia enlutada e roga a Deus que os confortem neste momento dif\u00edcil que est\u00e3o passando.</span></p>", "author_name": "Comunica\u00e7\u00e3o", "version": "1.0", "author_url": "https://www.pinhao.pr.leg.br/author/Comunica\u00e7\u00e3o", "provider_name": "C\u00e2mara Municipal", "type": "rich"}